{"id":1668,"date":"2026-04-23T08:02:06","date_gmt":"2026-04-23T08:02:06","guid":{"rendered":"https:\/\/saloncabo.com\/?p=1668"},"modified":"2026-04-23T09:17:23","modified_gmt":"2026-04-23T09:17:23","slug":"mejor-keratina-para-alisar-el-cabello","status":"publish","type":"post","link":"https:\/\/saloncabo.com\/en\/mejor-keratina-para-alisar-el-cabello\/","title":{"rendered":"Mejor Keratina Para Alisar El Cabello: Complete Guide"},"content":{"rendered":"<h1 class=\"wp-block-heading\">What is the best Keratina for Alisar El Cabello?<\/h1>\n\n\n\n<p class=\"translation-block\">Choosing <strong>the best keratin treatment for hair straightening<\/strong> is not a one-size-fits-all decision. It depends on your hair type, its level of damage, the desired result, and the quality of the product or treatment used. Nowadays, there are multiple options such as <strong>Brazilian keratin for hair<\/strong>, <strong>formaldehyde-free keratin<\/strong>, or <strong>organic keratin for hair<\/strong>, each with its own specific characteristics.<\/p>\n\n\n\n<p class=\"translation-block\">In this professional guide, you will discover what a <strong>keratin hair treatment<\/strong> really is, its different types, what results to expect, how long it lasts, and how to maintain it to achieve a perfect and long-lasting straightening, especially if you are looking for results in warm and humid climates like Cabo San Lucas.<\/p>\n\n\n\n<h2 class=\"wp-block-heading\"><strong>What is the keratin treatment for hair?<\/strong><\/h2>\n\n\n\n<p class=\"translation-block\">The <strong>professional keratin treatment<\/strong> is a hair procedure designed to rebuild the hair fiber by applying keratin protein, which is a natural component of the hair.\n``<\/p>\n\n\n\n<p>This treatment helps to:<\/p>\n\n\n\n<ul class=\"wp-block-list\">\n<li>Reduce frizz<\/li>\n\n\n\n<li>To straighten hair gradually or completely<\/li>\n\n\n\n<li>Repair heat or chemical damage<\/li>\n\n\n\n<li>Increase shine and smoothness<\/li>\n<\/ul>\n\n\n\n<h2 class=\"wp-block-heading\"><strong>Types of keratin for hair: which one to choose?<\/strong><\/h2>\n\n\n\n<p class=\"translation-block\">To understand <strong>which is the best keratin for hair straightening<\/strong>, it is essential to know the main types available in the professional market.<\/p>\n\n\n\n<h3 class=\"wp-block-heading\"><strong>Brazilian keratin for hair<\/strong><\/h3>\n\n\n\n<p class=\"translation-block\">The <strong>Brazilian keratin straightening<\/strong> is one of the most popular treatments in professional salons.<\/p>\n\n\n\n<p><strong>Features:<\/strong><\/p>\n\n\n\n<ul class=\"wp-block-list\">\n<li>Intense and long-lasting straightening<\/li>\n\n\n\n<li>Visible results from the first application<\/li>\n\n\n\n<li>Ideal for curly or voluminous hair<\/li>\n<\/ul>\n\n\n\n<h3 class=\"wp-block-heading\"><strong>Formaldehyde-free keratin<\/strong><\/h3>\n\n\n\n<p class=\"translation-block\">The <strong>formaldehyde-free keratin<\/strong> is a gentler and safer option.<\/p>\n\n\n\n<p><strong>Features:<\/strong><\/p>\n\n\n\n<ul class=\"wp-block-list\">\n<li>Less aggressive on the scalp<\/li>\n\n\n\n<li>More natural results<\/li>\n\n\n\n<li>Suitable for sensitive or color-treated hair<\/li>\n<\/ul>\n\n\n\n<h3 class=\"wp-block-heading\"><strong>Organic keratin for hair<\/strong><\/h3>\n\n\n\n<p class=\"translation-block\">The <strong>organic keratin for hair<\/strong> uses natural ingredients without harsh chemicals.\n``<\/p>\n\n\n\n<p><strong>Features:<\/strong><\/p>\n\n\n\n<ul class=\"wp-block-list\">\n<li>Toxin-free formula<\/li>\n\n\n\n<li>Respects the natural structure of the hair<\/li>\n\n\n\n<li>Progressive results<\/li>\n<\/ul>\n\n\n\n<h2 class=\"wp-block-heading\"><strong>What is the best keratin treatment for straightening hair?<\/strong><\/h2>\n\n\n\n<p>There is no single answer, but it can be determined according to the objective:<\/p>\n\n\n\n<ul class=\"wp-block-list\">\n<li class=\"translation-block\"><strong>For intense straightening:<\/strong> Brazilian keratin for hair<\/li>\n\n\n\n<li class=\"translation-block\"><strong>For damaged or sensitive hair:<\/strong> formaldehyde-free keratin<\/li>\n\n\n\n<li class=\"translation-block\"><strong>For natural and healthy results:<\/strong> organic keratin for hair\n``<\/li>\n<\/ul>\n\n\n\n<h2 class=\"wp-block-heading\"><strong>Benefits of keratin for hair<\/strong><\/h2>\n\n\n\n<p class=\"translation-block\">The <strong>benefits of keratin for hair<\/strong> are extensive and visible from the first application:<\/p>\n\n\n\n<ul class=\"wp-block-list\">\n<li>Frizz reduction for up to several months<\/li>\n\n\n\n<li>Softer, more manageable hair<\/li>\n\n\n\n<li>Less daily styling time<\/li>\n\n\n\n<li>Intense shine and a healthy appearance<\/li>\n\n\n\n<li>Protection against moisture and heat<\/li>\n<\/ul>\n\n\n\n<h2 class=\"wp-block-heading\"><strong>What does hair look like after a keratin treatment?<\/strong><\/h2>\n\n\n\n<p class=\"translation-block\">After a <strong>professional keratin treatment<\/strong>, the hair usually becomes:\n``<\/p>\n\n\n\n<ul class=\"wp-block-list\">\n<li>Smoother or with controlled waves<\/li>\n\n\n\n<li>Sin frizz visible<\/li>\n\n\n\n<li>With a silky texture<\/li>\n\n\n\n<li>Brighter and more uniform<\/li>\n<\/ul>\n\n\n\n<h2 class=\"wp-block-heading\"><strong>How long does a keratin straightening treatment last?<\/strong><\/h2>\n\n\n\n<p class=\"translation-block\">The duration of <strong>keratin straightening which is best<\/strong> varies depending on the product and aftercare:<\/p>\n\n\n\n<ul class=\"wp-block-list\">\n<li>Brazilian keratin: 3 to 5 months<\/li>\n\n\n\n<li>Formaldehyde-free keratin: 2 to 4 months<\/li>\n\n\n\n<li>Organic keratin: 1.5 to 3 months<\/li>\n<\/ul>\n\n\n\n<p>Factors such as frequent washing, sun exposure, and the use of incorrect products can reduce their lifespan.<\/p>\n\n\n\n<h2 class=\"wp-block-heading\"><strong>Keratin for damaged or curly hair<\/strong><\/h2>\n\n\n\n<figure class=\"wp-block-image size-large\"><img fetchpriority=\"high\" decoding=\"async\" width=\"1024\" height=\"558\" src=\"http:\/\/saloncabo.com\/wp-content\/uploads\/2026\/04\/kjkjldfeee-1024x558.jpg\" alt=\"Keratina para cabello da\u00f1ado o rizado\" class=\"wp-image-1673\" srcset=\"https:\/\/saloncabo.com\/wp-content\/uploads\/2026\/04\/kjkjldfeee-1024x558.jpg 1024w, https:\/\/saloncabo.com\/wp-content\/uploads\/2026\/04\/kjkjldfeee-300x164.jpg 300w, https:\/\/saloncabo.com\/wp-content\/uploads\/2026\/04\/kjkjldfeee-768x419.jpg 768w, https:\/\/saloncabo.com\/wp-content\/uploads\/2026\/04\/kjkjldfeee-18x10.jpg 18w, https:\/\/saloncabo.com\/wp-content\/uploads\/2026\/04\/kjkjldfeee.jpg 1200w\" sizes=\"(max-width: 1024px) 100vw, 1024px\" \/><\/figure>\n\n\n\n<p class=\"translation-block\"><strong>Keratin for damaged hair<\/strong> is highly recommended because it rebuilds the hair fiber from the inside.<\/p>\n\n\n\n<p class=\"translation-block\">For <strong>curly hair<\/strong>, the treatment helps to:<\/p>\n\n\n\n<ul class=\"wp-block-list\">\n<li>Reducir volumen excesivo<\/li>\n\n\n\n<li>Definir mejor la forma del rizo o alisarlo completamente<\/li>\n\n\n\n<li>Controlar el encrespamiento en ambientes h\u00famedos<\/li>\n<\/ul>\n\n\n\n<h2 class=\"wp-block-heading\"><strong>C\u00f3mo cuidar el cabello con keratina<\/strong><\/h2>\n\n\n\n<p>El \u00e9xito del tratamiento depende en gran parte de los cuidados posteriores.<\/p>\n\n\n\n<h3 class=\"wp-block-heading\"><strong>Cuidados esenciales<\/strong><\/h3>\n\n\n\n<ul class=\"wp-block-list\">\n<li>Usar <strong>shampoo sin sulfatos para keratina<\/strong><\/li>\n\n\n\n<li>Evitar lavar el cabello durante las primeras 48\u201372 horas<\/li>\n\n\n\n<li>Do not tie your hair up with tight elastic bands<\/li>\n\n\n\n<li>Avoid excessive heat for the first few days<\/li>\n<\/ul>\n\n\n\n<h3 class=\"wp-block-heading\"><strong>What not to do after a keratin treatment<\/strong><\/h3>\n\n\n\n<ul class=\"wp-block-list\">\n<li>Do not swim in chlorinated water without protection<\/li>\n\n\n\n<li>Do not use products containing alcohol or sulfates<\/li>\n\n\n\n<li>Do not apply harsh masks immediately afterwards\u00a0<\/li>\n<\/ul>\n\n\n\n<h2 class=\"wp-block-heading\"><strong>Products to maintain keratin<\/strong><\/h2>\n\n\n\n<p>To prolong the results of treatment, it is key to use appropriate products:<\/p>\n\n\n\n<ul class=\"wp-block-list\">\n<li>Sulfate-free shampoo and conditioner<\/li>\n\n\n\n<li>Gentle moisturizing face masks<\/li>\n\n\n\n<li>Light oils such as argan or coconut<\/li>\n\n\n\n<li>Anti-frizz serums\u00a0<\/li>\n<\/ul>\n\n\n\n<h2 class=\"wp-block-heading\"><strong>Is keratin straightening worth it?<\/strong><\/h2>\n\n\n\n<p>Yes, especially if you're looking for:<\/p>\n\n\n\n<ul class=\"wp-block-list\">\n<li>Reduce daily styling time<\/li>\n\n\n\n<li>Controlling frizz in humid climates<\/li>\n\n\n\n<li>Improve the overall appearance of the hair<\/li>\n\n\n\n<li>Achieve a professional and long-lasting finish<\/li>\n<\/ul>\n\n\n\n<h2 class=\"wp-block-heading\"><strong>Conclusion<\/strong><\/h2>\n\n\n\n<p class=\"translation-block\">The choice of <strong>the best keratin for hair straightening<\/strong> depends on your goals: intense straightening, repair, or a natural finish. The most important thing is to get a professional diagnosis and follow proper care to extend the results.<\/p>\n\n\n\n<p class=\"translation-block\">A well-applied <a href=\"https:\/\/saloncabo.com\/en\/keratina-alcalina\/\" target=\"_self\"><strong>professional keratin treatment<\/strong><\/a> not only transforms the hair visually, but also improves its health and manageability in the long term.<\/p>\n\n\n\n<h2 class=\"wp-block-heading\"><strong>Frequently Asked Questions<\/strong><\/h2>\n\n\n<div id=\"rank-math-faq\" class=\"rank-math-block\">\n<div class=\"rank-math-list\">\n<div id=\"faq-question-1775647518560\" class=\"rank-math-list-item\">\n<h3 class=\"rank-math-question\"><strong><strong><strong>Does keratin damage hair?<\/strong><\/strong><\/strong><\/h3>\n<div class=\"rank-math-answer\">\n\n<p>Not necessarily. When used correctly and with professional products, it helps repair and protect the hair fiber.<\/p>\n\n<\/div>\n<\/div>\n<div id=\"faq-question-1775647977249\" class=\"rank-math-list-item\">\n<h3 class=\"rank-math-question\"><strong><strong><strong>Can I dye my hair after a keratin treatment?<\/strong><\/strong><\/strong><\/h3>\n<div class=\"rank-math-answer\">\n\n<p>Yes, but it is recommended to wait at least 10\u201315 days for best results.<\/p>\n\n<\/div>\n<\/div>\n<div id=\"faq-question-1775647978865\" class=\"rank-math-list-item\">\n<h3 class=\"rank-math-question\"><strong><strong><strong>Does keratin completely straighten hair?<\/strong><\/strong><\/strong><\/h3>\n<div class=\"rank-math-answer\">\n\n<p>It depends on the type of keratin and the initial hair type. Some straighten it completely, others only reduce frizz.<\/p>\n\n<\/div>\n<\/div>\n<div id=\"faq-question-1775647979665\" class=\"rank-math-list-item\">\n<h3 class=\"rank-math-question\"><strong><strong><strong>How often can the treatment be done?<\/strong><\/strong><\/strong><\/h3>\n<div class=\"rank-math-answer\">\n\n<p>Generally every 3 to 5 months, depending on hair growth and condition.<\/p>\n\n<\/div>\n<\/div>\n<div id=\"faq-question-1775647980456\" class=\"rank-math-list-item\">\n<h3 class=\"rank-math-question\"><strong><strong><strong>Is formaldehyde-free keratin better?<\/strong><\/strong><\/strong><\/h3>\n<div class=\"rank-math-answer\">\n\n<p>It is safer and less aggressive, but the straightening effect is usually less intense than with Brazilian keratin.<\/p>\n\n<\/div>\n<\/div>\n<\/div>\n<\/div>","protected":false},"excerpt":{"rendered":"<p>Cu\u00e1l Es La Mejor Keratina Para Alisar El Cabello? Elegir la mejor keratina para alisar el cabello no es una decisi\u00f3n \u00fanica para todos. Depende del tipo de cabello, su nivel de da\u00f1o, el resultado deseado y la calidad del producto o tratamiento utilizado. Hoy en d\u00eda existen m\u00faltiples opciones como la keratina brasile\u00f1a para [&hellip;]<\/p>","protected":false},"author":2,"featured_media":1672,"comment_status":"open","ping_status":"open","sticky":false,"template":"","format":"standard","meta":{"content-type":"","footnotes":""},"categories":[1],"tags":[],"class_list":["post-1668","post","type-post","status-publish","format-standard","has-post-thumbnail","hentry","category-blog"],"_links":{"self":[{"href":"https:\/\/saloncabo.com\/en\/wp-json\/wp\/v2\/posts\/1668","targetHints":{"allow":["GET"]}}],"collection":[{"href":"https:\/\/saloncabo.com\/en\/wp-json\/wp\/v2\/posts"}],"about":[{"href":"https:\/\/saloncabo.com\/en\/wp-json\/wp\/v2\/types\/post"}],"author":[{"embeddable":true,"href":"https:\/\/saloncabo.com\/en\/wp-json\/wp\/v2\/users\/2"}],"replies":[{"embeddable":true,"href":"https:\/\/saloncabo.com\/en\/wp-json\/wp\/v2\/comments?post=1668"}],"version-history":[{"count":3,"href":"https:\/\/saloncabo.com\/en\/wp-json\/wp\/v2\/posts\/1668\/revisions"}],"predecessor-version":[{"id":1674,"href":"https:\/\/saloncabo.com\/en\/wp-json\/wp\/v2\/posts\/1668\/revisions\/1674"}],"wp:featuredmedia":[{"embeddable":true,"href":"https:\/\/saloncabo.com\/en\/wp-json\/wp\/v2\/media\/1672"}],"wp:attachment":[{"href":"https:\/\/saloncabo.com\/en\/wp-json\/wp\/v2\/media?parent=1668"}],"wp:term":[{"taxonomy":"category","embeddable":true,"href":"https:\/\/saloncabo.com\/en\/wp-json\/wp\/v2\/categories?post=1668"},{"taxonomy":"post_tag","embeddable":true,"href":"https:\/\/saloncabo.com\/en\/wp-json\/wp\/v2\/tags?post=1668"}],"curies":[{"name":"wp","href":"https:\/\/api.w.org\/{rel}","templated":true}]}}